{"id":1065,"date":"2013-02-04T08:05:07","date_gmt":"2013-02-04T07:05:07","guid":{"rendered":"http:\/\/www.popolet.com\/blog\/?p=1065"},"modified":"2013-02-04T00:05:51","modified_gmt":"2013-02-03T23:05:51","slug":"anas-bags-decora-tu-dia-especial","status":"publish","type":"post","link":"https:\/\/www.popolet.com\/blog\/anas-bags-decora-tu-dia-especial","title":{"rendered":"Ana`s Bags &#8211; Decora tu d\u00eda especial"},"content":{"rendered":"<p>La verdad es que a la hora de organizar una comuni\u00f3n o un bautizo\u00a0hay que pensar en mil detalles, desde luego si quere\u00eds que todo sea perfecto nada mejor que dejar la decoraci\u00f3n y los detalles en manos de\u00a0<a href=\"http:\/\/anabags.blogspot.com.es\/\" target=\"_blank\">Ana\u00b4s Bags<\/a>.<\/p>\n<p>Pode\u00eds encargarle la invitaciones, unas bolsas ideales para entregar los detallitos a los asistentes, una mesa de chuches, cucuruchos, cajitas de bombones, molinillos, cubos,&#8230;todo con un buen gusto.<\/p>\n<p>Mavi, gran amiga y colaboradora de Ana, es ahora la responsable de estas maravillosas creaciones, siempre manteniendo el estilo y buen gusto de Ana, que est\u00e1 presente en cada trabajo.<\/p>\n<p>Apasionada del Toile de Joul y de los lazos (pasiones que comparto con ella) personaliza tu evento con gran elegancia y buen gusto. Os dejo unas imag\u00e9nes que hablan por si solas.<\/p>\n<p><a href=\"https:\/\/www.popolet.com\/blog\/?attachment_id=1072\" rel=\"attachment wp-att-1072\"><img loading=\"lazy\" decoding=\"async\" class=\"aligncenter size-full wp-image-1072\" alt=\"ANAS BAGS\" src=\"https:\/\/www.popolet.com\/blog\/wp-content\/uploads\/2013\/01\/Presentaci\u00f3n112.jpg\" width=\"951\" height=\"380\" srcset=\"https:\/\/www.popolet.com\/blog\/wp-content\/uploads\/2013\/01\/Presentaci\u00f3n112.jpg 951w, https:\/\/www.popolet.com\/blog\/wp-content\/uploads\/2013\/01\/Presentaci\u00f3n112-300x119.jpg 300w\" sizes=\"auto, (max-width: 951px) 100vw, 951px\" \/><\/a><\/p>\n<p><a href=\"https:\/\/www.popolet.com\/blog\/?attachment_id=1074\" rel=\"attachment wp-att-1074\"><img loading=\"lazy\" decoding=\"async\" class=\"aligncenter size-full wp-image-1074\" alt=\"ANAS BAGS\" src=\"https:\/\/www.popolet.com\/blog\/wp-content\/uploads\/2013\/01\/Presentaci\u00f3n1-001.jpg\" width=\"960\" height=\"379\" srcset=\"https:\/\/www.popolet.com\/blog\/wp-content\/uploads\/2013\/01\/Presentaci\u00f3n1-001.jpg 960w, https:\/\/www.popolet.com\/blog\/wp-content\/uploads\/2013\/01\/Presentaci\u00f3n1-001-300x118.jpg 300w\" sizes=\"auto, (max-width: 960px) 100vw, 960px\" \/><\/a><\/p>\n","protected":false},"excerpt":{"rendered":"<p>La verdad es que a la hora de organizar una comuni\u00f3n o un bautizo\u00a0hay que pensar en mil detalles, desde luego si quere\u00eds que todo sea perfecto nada mejor que dejar la decoraci\u00f3n y los detalles en manos de\u00a0Ana\u00b4s Bags. Pode\u00eds encargarle la invitaciones, unas bolsas ideales para entregar los detallitos a los asistentes, una [&hellip;]<\/p>\n","protected":false},"author":2,"featured_media":1066,"comment_status":"open","ping_status":"open","sticky":false,"template":"","format":"standard","meta":{"_et_pb_use_builder":"","_et_pb_old_content":"","_et_gb_content_width":"","footnotes":""},"categories":[58,24,3,4],"tags":[48,60,57,94,25],"class_list":["post-1065","post","type-post","status-publish","format-standard","has-post-thumbnail","hentry","category-comuniones-recomendaciones","category-cumpleanos","category-decoracion","category-recomendaciones","tag-babyshower","tag-comunion","tag-comuniones","tag-decoracion","tag-fiestas"],"yoast_head":"<!-- This site is optimized with the Yoast SEO plugin v27.5 - https:\/\/yoast.com\/product\/yoast-seo-wordpress\/ -->\n<title>Ana`s Bags - Decora tu d\u00eda especial<\/title>\n<meta name=\"description\" content=\"Ana\u00b4s Bags apasionada dl Toil.Invitaciones, bolsas ideales, una mesa de chuches, cucuruchos, cajitas de bombones, molinillos, cubos,...todo con un buen gusto.\" \/>\n<meta name=\"robots\" content=\"index, follow, max-snippet:-1, max-image-preview:large, max-video-preview:-1\" \/>\n<link rel=\"canonical\" href=\"https:\/\/www.popolet.com\/blog\/anas-bags-decora-tu-dia-especial\" \/>\n<meta property=\"og:locale\" content=\"es_ES\" \/>\n<meta property=\"og:type\" content=\"article\" \/>\n<meta property=\"og:title\" content=\"Ana`s Bags - Decora tu d\u00eda especial\" \/>\n<meta property=\"og:description\" content=\"Ana\u00b4s Bags apasionada dl Toil.Invitaciones, bolsas ideales, una mesa de chuches, cucuruchos, cajitas de bombones, molinillos, cubos,...todo con un buen gusto.\" \/>\n<meta property=\"og:url\" content=\"https:\/\/www.popolet.com\/blog\/anas-bags-decora-tu-dia-especial\" \/>\n<meta property=\"og:site_name\" content=\"Blog Popolet Bordados\" \/>\n<meta property=\"article:publisher\" content=\"https:\/\/es-es.facebook.com\/bordadospopolet\/\" \/>\n<meta property=\"article:published_time\" content=\"2013-02-04T07:05:07+00:00\" \/>\n<meta property=\"og:image\" content=\"https:\/\/www.popolet.com\/blog\/wp-content\/uploads\/2013\/01\/Optimized-DSC03371.jpg\" \/>\n\t<meta property=\"og:image:width\" content=\"800\" \/>\n\t<meta property=\"og:image:height\" content=\"600\" \/>\n\t<meta property=\"og:image:type\" content=\"image\/jpeg\" \/>\n<meta name=\"author\" content=\"popolet\" \/>\n<meta name=\"twitter:card\" content=\"summary_large_image\" \/>\n<meta name=\"twitter:creator\" content=\"@popoletbordados\" \/>\n<meta name=\"twitter:site\" content=\"@popoletbordados\" \/>\n<meta name=\"twitter:label1\" content=\"Escrito por\" \/>\n\t<meta name=\"twitter:data1\" content=\"popolet\" \/>\n\t<meta name=\"twitter:label2\" content=\"Tiempo de lectura\" \/>\n\t<meta name=\"twitter:data2\" content=\"1 minuto\" \/>\n<script type=\"application\/ld+json\" class=\"yoast-schema-graph\">{\"@context\":\"https:\\\/\\\/schema.org\",\"@graph\":[{\"@type\":\"Article\",\"@id\":\"https:\\\/\\\/www.popolet.com\\\/blog\\\/anas-bags-decora-tu-dia-especial#article\",\"isPartOf\":{\"@id\":\"https:\\\/\\\/www.popolet.com\\\/blog\\\/anas-bags-decora-tu-dia-especial\"},\"author\":{\"name\":\"popolet\",\"@id\":\"https:\\\/\\\/www.popolet.com\\\/blog\\\/#\\\/schema\\\/person\\\/b7527f5ea19a05f2688babfe2ea155b8\"},\"headline\":\"Ana`s Bags &#8211; Decora tu d\u00eda especial\",\"datePublished\":\"2013-02-04T07:05:07+00:00\",\"mainEntityOfPage\":{\"@id\":\"https:\\\/\\\/www.popolet.com\\\/blog\\\/anas-bags-decora-tu-dia-especial\"},\"wordCount\":148,\"commentCount\":0,\"publisher\":{\"@id\":\"https:\\\/\\\/www.popolet.com\\\/blog\\\/#organization\"},\"image\":{\"@id\":\"https:\\\/\\\/www.popolet.com\\\/blog\\\/anas-bags-decora-tu-dia-especial#primaryimage\"},\"thumbnailUrl\":\"https:\\\/\\\/www.popolet.com\\\/blog\\\/wp-content\\\/uploads\\\/2013\\\/01\\\/Optimized-DSC03371.jpg\",\"keywords\":[\"babyshower\",\"comuni\u00f3n\",\"comuniones\",\"Decoraci\u00f3n\",\"fiestas\"],\"articleSection\":[\"Comuniones\",\"Cumplea\u00f1os\",\"Decoraci\u00f3n\",\"Recomendaciones\"],\"inLanguage\":\"es\",\"potentialAction\":[{\"@type\":\"CommentAction\",\"name\":\"Comment\",\"target\":[\"https:\\\/\\\/www.popolet.com\\\/blog\\\/anas-bags-decora-tu-dia-especial#respond\"]}]},{\"@type\":\"WebPage\",\"@id\":\"https:\\\/\\\/www.popolet.com\\\/blog\\\/anas-bags-decora-tu-dia-especial\",\"url\":\"https:\\\/\\\/www.popolet.com\\\/blog\\\/anas-bags-decora-tu-dia-especial\",\"name\":\"Ana`s Bags - Decora tu d\u00eda especial\",\"isPartOf\":{\"@id\":\"https:\\\/\\\/www.popolet.com\\\/blog\\\/#website\"},\"primaryImageOfPage\":{\"@id\":\"https:\\\/\\\/www.popolet.com\\\/blog\\\/anas-bags-decora-tu-dia-especial#primaryimage\"},\"image\":{\"@id\":\"https:\\\/\\\/www.popolet.com\\\/blog\\\/anas-bags-decora-tu-dia-especial#primaryimage\"},\"thumbnailUrl\":\"https:\\\/\\\/www.popolet.com\\\/blog\\\/wp-content\\\/uploads\\\/2013\\\/01\\\/Optimized-DSC03371.jpg\",\"datePublished\":\"2013-02-04T07:05:07+00:00\",\"description\":\"Ana\u00b4s Bags apasionada dl Toil.Invitaciones, bolsas ideales, una mesa de chuches, cucuruchos, cajitas de bombones, molinillos, cubos,...todo con un buen gusto.\",\"breadcrumb\":{\"@id\":\"https:\\\/\\\/www.popolet.com\\\/blog\\\/anas-bags-decora-tu-dia-especial#breadcrumb\"},\"inLanguage\":\"es\",\"potentialAction\":[{\"@type\":\"ReadAction\",\"target\":[\"https:\\\/\\\/www.popolet.com\\\/blog\\\/anas-bags-decora-tu-dia-especial\"]}]},{\"@type\":\"ImageObject\",\"inLanguage\":\"es\",\"@id\":\"https:\\\/\\\/www.popolet.com\\\/blog\\\/anas-bags-decora-tu-dia-especial#primaryimage\",\"url\":\"https:\\\/\\\/www.popolet.com\\\/blog\\\/wp-content\\\/uploads\\\/2013\\\/01\\\/Optimized-DSC03371.jpg\",\"contentUrl\":\"https:\\\/\\\/www.popolet.com\\\/blog\\\/wp-content\\\/uploads\\\/2013\\\/01\\\/Optimized-DSC03371.jpg\",\"width\":800,\"height\":600,\"caption\":\"ANAS BAGS\"},{\"@type\":\"BreadcrumbList\",\"@id\":\"https:\\\/\\\/www.popolet.com\\\/blog\\\/anas-bags-decora-tu-dia-especial#breadcrumb\",\"itemListElement\":[{\"@type\":\"ListItem\",\"position\":1,\"name\":\"Portada\",\"item\":\"https:\\\/\\\/www.popolet.com\\\/blog\\\/\"},{\"@type\":\"ListItem\",\"position\":2,\"name\":\"Ana`s Bags &#8211; Decora tu d\u00eda especial\"}]},{\"@type\":\"WebSite\",\"@id\":\"https:\\\/\\\/www.popolet.com\\\/blog\\\/#website\",\"url\":\"https:\\\/\\\/www.popolet.com\\\/blog\\\/\",\"name\":\"Blog Popolet Bordados\",\"description\":\"Todas las ideas para tu beb\u00e9, moda, consejos e ideas para la crianza\",\"publisher\":{\"@id\":\"https:\\\/\\\/www.popolet.com\\\/blog\\\/#organization\"},\"potentialAction\":[{\"@type\":\"SearchAction\",\"target\":{\"@type\":\"EntryPoint\",\"urlTemplate\":\"https:\\\/\\\/www.popolet.com\\\/blog\\\/?s={search_term_string}\"},\"query-input\":{\"@type\":\"PropertyValueSpecification\",\"valueRequired\":true,\"valueName\":\"search_term_string\"}}],\"inLanguage\":\"es\"},{\"@type\":\"Organization\",\"@id\":\"https:\\\/\\\/www.popolet.com\\\/blog\\\/#organization\",\"name\":\"Popolet bordados\",\"url\":\"https:\\\/\\\/www.popolet.com\\\/blog\\\/\",\"logo\":{\"@type\":\"ImageObject\",\"inLanguage\":\"es\",\"@id\":\"https:\\\/\\\/www.popolet.com\\\/blog\\\/#\\\/schema\\\/logo\\\/image\\\/\",\"url\":\"https:\\\/\\\/www.popolet.com\\\/blog\\\/wp-content\\\/uploads\\\/2017\\\/02\\\/cropped-popolet-bordados.gif\",\"contentUrl\":\"https:\\\/\\\/www.popolet.com\\\/blog\\\/wp-content\\\/uploads\\\/2017\\\/02\\\/cropped-popolet-bordados.gif\",\"width\":240,\"height\":105,\"caption\":\"Popolet bordados\"},\"image\":{\"@id\":\"https:\\\/\\\/www.popolet.com\\\/blog\\\/#\\\/schema\\\/logo\\\/image\\\/\"},\"sameAs\":[\"https:\\\/\\\/es-es.facebook.com\\\/bordadospopolet\\\/\",\"https:\\\/\\\/x.com\\\/popoletbordados\",\"https:\\\/\\\/www.instagram.com\\\/popolet_bordados\\\/\",\"https:\\\/\\\/es.pinterest.com\\\/popolet\\\/\"]},{\"@type\":\"Person\",\"@id\":\"https:\\\/\\\/www.popolet.com\\\/blog\\\/#\\\/schema\\\/person\\\/b7527f5ea19a05f2688babfe2ea155b8\",\"name\":\"popolet\",\"image\":{\"@type\":\"ImageObject\",\"inLanguage\":\"es\",\"@id\":\"https:\\\/\\\/secure.gravatar.com\\\/avatar\\\/422bd873184440df9fa5d5e5dd21c14637f2cadafd25c330accc74fc6cbf7327?s=96&d=mm&r=g\",\"url\":\"https:\\\/\\\/secure.gravatar.com\\\/avatar\\\/422bd873184440df9fa5d5e5dd21c14637f2cadafd25c330accc74fc6cbf7327?s=96&d=mm&r=g\",\"contentUrl\":\"https:\\\/\\\/secure.gravatar.com\\\/avatar\\\/422bd873184440df9fa5d5e5dd21c14637f2cadafd25c330accc74fc6cbf7327?s=96&d=mm&r=g\",\"caption\":\"popolet\"},\"description\":\"En 2012 nace Popolet un proyecto lleno de ilusi\u00f3n, en cada una de nuestros trabajos ponemos todo nuestro mimo.\"}]}<\/script>\n<!-- \/ Yoast SEO plugin. -->","yoast_head_json":{"title":"Ana`s Bags - Decora tu d\u00eda especial","description":"Ana\u00b4s Bags apasionada dl Toil.Invitaciones, bolsas ideales, una mesa de chuches, cucuruchos, cajitas de bombones, molinillos, cubos,...todo con un buen gusto.","robots":{"index":"index","follow":"follow","max-snippet":"max-snippet:-1","max-image-preview":"max-image-preview:large","max-video-preview":"max-video-preview:-1"},"canonical":"https:\/\/www.popolet.com\/blog\/anas-bags-decora-tu-dia-especial","og_locale":"es_ES","og_type":"article","og_title":"Ana`s Bags - Decora tu d\u00eda especial","og_description":"Ana\u00b4s Bags apasionada dl Toil.Invitaciones, bolsas ideales, una mesa de chuches, cucuruchos, cajitas de bombones, molinillos, cubos,...todo con un buen gusto.","og_url":"https:\/\/www.popolet.com\/blog\/anas-bags-decora-tu-dia-especial","og_site_name":"Blog Popolet Bordados","article_publisher":"https:\/\/es-es.facebook.com\/bordadospopolet\/","article_published_time":"2013-02-04T07:05:07+00:00","og_image":[{"width":800,"height":600,"url":"https:\/\/www.popolet.com\/blog\/wp-content\/uploads\/2013\/01\/Optimized-DSC03371.jpg","type":"image\/jpeg"}],"author":"popolet","twitter_card":"summary_large_image","twitter_creator":"@popoletbordados","twitter_site":"@popoletbordados","twitter_misc":{"Escrito por":"popolet","Tiempo de lectura":"1 minuto"},"schema":{"@context":"https:\/\/schema.org","@graph":[{"@type":"Article","@id":"https:\/\/www.popolet.com\/blog\/anas-bags-decora-tu-dia-especial#article","isPartOf":{"@id":"https:\/\/www.popolet.com\/blog\/anas-bags-decora-tu-dia-especial"},"author":{"name":"popolet","@id":"https:\/\/www.popolet.com\/blog\/#\/schema\/person\/b7527f5ea19a05f2688babfe2ea155b8"},"headline":"Ana`s Bags &#8211; Decora tu d\u00eda especial","datePublished":"2013-02-04T07:05:07+00:00","mainEntityOfPage":{"@id":"https:\/\/www.popolet.com\/blog\/anas-bags-decora-tu-dia-especial"},"wordCount":148,"commentCount":0,"publisher":{"@id":"https:\/\/www.popolet.com\/blog\/#organization"},"image":{"@id":"https:\/\/www.popolet.com\/blog\/anas-bags-decora-tu-dia-especial#primaryimage"},"thumbnailUrl":"https:\/\/www.popolet.com\/blog\/wp-content\/uploads\/2013\/01\/Optimized-DSC03371.jpg","keywords":["babyshower","comuni\u00f3n","comuniones","Decoraci\u00f3n","fiestas"],"articleSection":["Comuniones","Cumplea\u00f1os","Decoraci\u00f3n","Recomendaciones"],"inLanguage":"es","potentialAction":[{"@type":"CommentAction","name":"Comment","target":["https:\/\/www.popolet.com\/blog\/anas-bags-decora-tu-dia-especial#respond"]}]},{"@type":"WebPage","@id":"https:\/\/www.popolet.com\/blog\/anas-bags-decora-tu-dia-especial","url":"https:\/\/www.popolet.com\/blog\/anas-bags-decora-tu-dia-especial","name":"Ana`s Bags - Decora tu d\u00eda especial","isPartOf":{"@id":"https:\/\/www.popolet.com\/blog\/#website"},"primaryImageOfPage":{"@id":"https:\/\/www.popolet.com\/blog\/anas-bags-decora-tu-dia-especial#primaryimage"},"image":{"@id":"https:\/\/www.popolet.com\/blog\/anas-bags-decora-tu-dia-especial#primaryimage"},"thumbnailUrl":"https:\/\/www.popolet.com\/blog\/wp-content\/uploads\/2013\/01\/Optimized-DSC03371.jpg","datePublished":"2013-02-04T07:05:07+00:00","description":"Ana\u00b4s Bags apasionada dl Toil.Invitaciones, bolsas ideales, una mesa de chuches, cucuruchos, cajitas de bombones, molinillos, cubos,...todo con un buen gusto.","breadcrumb":{"@id":"https:\/\/www.popolet.com\/blog\/anas-bags-decora-tu-dia-especial#breadcrumb"},"inLanguage":"es","potentialAction":[{"@type":"ReadAction","target":["https:\/\/www.popolet.com\/blog\/anas-bags-decora-tu-dia-especial"]}]},{"@type":"ImageObject","inLanguage":"es","@id":"https:\/\/www.popolet.com\/blog\/anas-bags-decora-tu-dia-especial#primaryimage","url":"https:\/\/www.popolet.com\/blog\/wp-content\/uploads\/2013\/01\/Optimized-DSC03371.jpg","contentUrl":"https:\/\/www.popolet.com\/blog\/wp-content\/uploads\/2013\/01\/Optimized-DSC03371.jpg","width":800,"height":600,"caption":"ANAS BAGS"},{"@type":"BreadcrumbList","@id":"https:\/\/www.popolet.com\/blog\/anas-bags-decora-tu-dia-especial#breadcrumb","itemListElement":[{"@type":"ListItem","position":1,"name":"Portada","item":"https:\/\/www.popolet.com\/blog\/"},{"@type":"ListItem","position":2,"name":"Ana`s Bags &#8211; Decora tu d\u00eda especial"}]},{"@type":"WebSite","@id":"https:\/\/www.popolet.com\/blog\/#website","url":"https:\/\/www.popolet.com\/blog\/","name":"Blog Popolet Bordados","description":"Todas las ideas para tu beb\u00e9, moda, consejos e ideas para la crianza","publisher":{"@id":"https:\/\/www.popolet.com\/blog\/#organization"},"potentialAction":[{"@type":"SearchAction","target":{"@type":"EntryPoint","urlTemplate":"https:\/\/www.popolet.com\/blog\/?s={search_term_string}"},"query-input":{"@type":"PropertyValueSpecification","valueRequired":true,"valueName":"search_term_string"}}],"inLanguage":"es"},{"@type":"Organization","@id":"https:\/\/www.popolet.com\/blog\/#organization","name":"Popolet bordados","url":"https:\/\/www.popolet.com\/blog\/","logo":{"@type":"ImageObject","inLanguage":"es","@id":"https:\/\/www.popolet.com\/blog\/#\/schema\/logo\/image\/","url":"https:\/\/www.popolet.com\/blog\/wp-content\/uploads\/2017\/02\/cropped-popolet-bordados.gif","contentUrl":"https:\/\/www.popolet.com\/blog\/wp-content\/uploads\/2017\/02\/cropped-popolet-bordados.gif","width":240,"height":105,"caption":"Popolet bordados"},"image":{"@id":"https:\/\/www.popolet.com\/blog\/#\/schema\/logo\/image\/"},"sameAs":["https:\/\/es-es.facebook.com\/bordadospopolet\/","https:\/\/x.com\/popoletbordados","https:\/\/www.instagram.com\/popolet_bordados\/","https:\/\/es.pinterest.com\/popolet\/"]},{"@type":"Person","@id":"https:\/\/www.popolet.com\/blog\/#\/schema\/person\/b7527f5ea19a05f2688babfe2ea155b8","name":"popolet","image":{"@type":"ImageObject","inLanguage":"es","@id":"https:\/\/secure.gravatar.com\/avatar\/422bd873184440df9fa5d5e5dd21c14637f2cadafd25c330accc74fc6cbf7327?s=96&d=mm&r=g","url":"https:\/\/secure.gravatar.com\/avatar\/422bd873184440df9fa5d5e5dd21c14637f2cadafd25c330accc74fc6cbf7327?s=96&d=mm&r=g","contentUrl":"https:\/\/secure.gravatar.com\/avatar\/422bd873184440df9fa5d5e5dd21c14637f2cadafd25c330accc74fc6cbf7327?s=96&d=mm&r=g","caption":"popolet"},"description":"En 2012 nace Popolet un proyecto lleno de ilusi\u00f3n, en cada una de nuestros trabajos ponemos todo nuestro mimo."}]}},"_links":{"self":[{"href":"https:\/\/www.popolet.com\/blog\/wp-json\/wp\/v2\/posts\/1065","targetHints":{"allow":["GET"]}}],"collection":[{"href":"https:\/\/www.popolet.com\/blog\/wp-json\/wp\/v2\/posts"}],"about":[{"href":"https:\/\/www.popolet.com\/blog\/wp-json\/wp\/v2\/types\/post"}],"author":[{"embeddable":true,"href":"https:\/\/www.popolet.com\/blog\/wp-json\/wp\/v2\/users\/2"}],"replies":[{"embeddable":true,"href":"https:\/\/www.popolet.com\/blog\/wp-json\/wp\/v2\/comments?post=1065"}],"version-history":[{"count":15,"href":"https:\/\/www.popolet.com\/blog\/wp-json\/wp\/v2\/posts\/1065\/revisions"}],"predecessor-version":[{"id":1123,"href":"https:\/\/www.popolet.com\/blog\/wp-json\/wp\/v2\/posts\/1065\/revisions\/1123"}],"wp:featuredmedia":[{"embeddable":true,"href":"https:\/\/www.popolet.com\/blog\/wp-json\/wp\/v2\/media\/1066"}],"wp:attachment":[{"href":"https:\/\/www.popolet.com\/blog\/wp-json\/wp\/v2\/media?parent=1065"}],"wp:term":[{"taxonomy":"category","embeddable":true,"href":"https:\/\/www.popolet.com\/blog\/wp-json\/wp\/v2\/categories?post=1065"},{"taxonomy":"post_tag","embeddable":true,"href":"https:\/\/www.popolet.com\/blog\/wp-json\/wp\/v2\/tags?post=1065"}],"curies":[{"name":"wp","href":"https:\/\/api.w.org\/{rel}","templated":true}]}}