{"id":2796,"date":"2017-02-22T16:15:24","date_gmt":"2017-02-22T15:15:24","guid":{"rendered":"http:\/\/www.popolet.com\/blog\/?p=2796"},"modified":"2018-06-05T22:35:43","modified_gmt":"2018-06-05T20:35:43","slug":"peluches-y-munecas-personalizados","status":"publish","type":"post","link":"https:\/\/www.popolet.com\/blog\/peluches-y-munecas-personalizados","title":{"rendered":"Peluches y mu\u00f1ecas personalizados"},"content":{"rendered":"<p>Todos hemos tenido cuando \u00e9ramos ni\u00f1as una mu\u00f1eca especial a la que ador\u00e1bamos.<\/p>\n<p>En Popolet os proponemos estas mu\u00f1ecas de trapo personalizadas con el nombre de vuestra ni\u00f1a. Ideal para dormir con ella.<a href=\"https:\/\/www.popolet.com\/blog\/peluches-y-munecas-personalizados\/vera\" rel=\"attachment wp-att-2801\"><img loading=\"lazy\" decoding=\"async\" class=\"size-full wp-image-2801 alignright\" src=\"https:\/\/www.popolet.com\/blog\/wp-content\/uploads\/2017\/02\/vera.jpg\" alt=\"\" width=\"200\" height=\"200\" srcset=\"https:\/\/www.popolet.com\/blog\/wp-content\/uploads\/2017\/02\/vera.jpg 200w, https:\/\/www.popolet.com\/blog\/wp-content\/uploads\/2017\/02\/vera-150x150.jpg 150w, https:\/\/www.popolet.com\/blog\/wp-content\/uploads\/2017\/02\/vera-184x184.jpg 184w\" sizes=\"auto, (max-width: 200px) 100vw, 200px\" \/><\/a><\/p>\n<p>Elige tu mu\u00f1eca de trapo favorita. Ser\u00e1 su amiga, le acompa\u00f1ar\u00e1 en cualquier momento y en cualquier lugar.<\/p>\n<p>&nbsp;<\/p>\n<p>&nbsp;<\/p>\n<p>Un regalo ideal para cualquier edad. Tambi\u00e9n podemos personalizar tu mu\u00f1ecas de trapo con el nombre de la ni\u00f1a bordado en el vestido<\/p>\n<p>Disponemos de varios modelos de mu\u00f1eca con ropas de edici\u00f3n limitada.<\/p>\n<p>Y si no eres de mu\u00f1ecas , tenemos otras opciones como nuestros simp\u00e1ticos conejitos y osos personalizados.<\/p>\n<p><a href=\"https:\/\/www.popolet.com\/blog\/peluches-y-munecas-personalizados\/conejjitos\" rel=\"attachment wp-att-2799\"><img loading=\"lazy\" decoding=\"async\" class=\"size-medium wp-image-2799 alignleft\" src=\"https:\/\/www.popolet.com\/blog\/wp-content\/uploads\/2017\/02\/conejjitos-300x300.jpg\" alt=\"\" width=\"300\" height=\"300\" srcset=\"https:\/\/www.popolet.com\/blog\/wp-content\/uploads\/2017\/02\/conejjitos-300x300.jpg 300w, https:\/\/www.popolet.com\/blog\/wp-content\/uploads\/2017\/02\/conejjitos-150x150.jpg 150w, https:\/\/www.popolet.com\/blog\/wp-content\/uploads\/2017\/02\/conejjitos.jpg 480w, https:\/\/www.popolet.com\/blog\/wp-content\/uploads\/2017\/02\/conejjitos-240x240.jpg 240w, https:\/\/www.popolet.com\/blog\/wp-content\/uploads\/2017\/02\/conejjitos-184x184.jpg 184w\" sizes=\"auto, (max-width: 300px) 100vw, 300px\" \/><\/a><\/p>\n<p>Entra es nuestra web www.popolet.com \u00a0y podr\u00e1s ver todas las opciones de mu\u00f1ecos para vuestros peque\u00f1os.<\/p>\n<p>&nbsp;<\/p>\n<p>&nbsp;<\/p>\n<p>&nbsp;<\/p>\n<p>&nbsp;<\/p>\n<p>&nbsp;<\/p>\n<p>&nbsp;<\/p>\n<p>&nbsp;<\/p>\n<p><a href=\"https:\/\/www.popolet.com\/blog\/peluches-y-munecas-personalizados\/coneja\" rel=\"attachment wp-att-2800\"><img loading=\"lazy\" decoding=\"async\" class=\"size-full wp-image-2800 aligncenter\" src=\"https:\/\/www.popolet.com\/blog\/wp-content\/uploads\/2017\/02\/coneja.jpg\" alt=\"\" width=\"200\" height=\"200\" srcset=\"https:\/\/www.popolet.com\/blog\/wp-content\/uploads\/2017\/02\/coneja.jpg 200w, https:\/\/www.popolet.com\/blog\/wp-content\/uploads\/2017\/02\/coneja-150x150.jpg 150w, https:\/\/www.popolet.com\/blog\/wp-content\/uploads\/2017\/02\/coneja-184x184.jpg 184w\" sizes=\"auto, (max-width: 200px) 100vw, 200px\" \/><\/a><\/p>\n","protected":false},"excerpt":{"rendered":"<p>Todos hemos tenido cuando \u00e9ramos ni\u00f1as una mu\u00f1eca especial a la que ador\u00e1bamos. En Popolet os proponemos estas mu\u00f1ecas de trapo personalizadas con el nombre de vuestra ni\u00f1a. Ideal para dormir con ella. Elige tu mu\u00f1eca de trapo favorita. Ser\u00e1 su amiga, le acompa\u00f1ar\u00e1 en cualquier momento y en cualquier lugar. &nbsp; &nbsp; Un regalo [&hellip;]<\/p>\n","protected":false},"author":2,"featured_media":3248,"comment_status":"open","ping_status":"open","sticky":false,"template":"","format":"standard","meta":{"_et_pb_use_builder":"","_et_pb_old_content":"","_et_gb_content_width":"","footnotes":""},"categories":[13,32],"tags":[],"class_list":["post-2796","post","type-post","status-publish","format-standard","has-post-thumbnail","hentry","category-juguetes","category-ninos"],"yoast_head":"<!-- This site is optimized with the Yoast SEO plugin v27.5 - https:\/\/yoast.com\/product\/yoast-seo-wordpress\/ -->\n<title>Mu\u00f1ecas y peluches personalizados<\/title>\n<meta name=\"description\" content=\"Mu\u00f1ecas y peluches bordados con el nombre de tu peque\u00f1o\" \/>\n<meta name=\"robots\" content=\"index, follow, max-snippet:-1, max-image-preview:large, max-video-preview:-1\" \/>\n<link rel=\"canonical\" href=\"https:\/\/www.popolet.com\/blog\/peluches-y-munecas-personalizados\" \/>\n<meta property=\"og:locale\" content=\"es_ES\" \/>\n<meta property=\"og:type\" content=\"article\" \/>\n<meta property=\"og:title\" content=\"Mu\u00f1ecas y peluches personalizados\" \/>\n<meta property=\"og:description\" content=\"Mu\u00f1ecas y peluches bordados con el nombre de tu peque\u00f1o\" \/>\n<meta property=\"og:url\" content=\"https:\/\/www.popolet.com\/blog\/peluches-y-munecas-personalizados\" \/>\n<meta property=\"og:site_name\" content=\"Blog Popolet Bordados\" \/>\n<meta property=\"article:publisher\" content=\"https:\/\/es-es.facebook.com\/bordadospopolet\/\" \/>\n<meta property=\"article:published_time\" content=\"2017-02-22T15:15:24+00:00\" \/>\n<meta property=\"article:modified_time\" content=\"2018-06-05T20:35:43+00:00\" \/>\n<meta property=\"og:image\" content=\"https:\/\/www.popolet.com\/blog\/wp-content\/uploads\/2018\/06\/CANSTILLA-BEBE-LIA.jpg\" \/>\n\t<meta property=\"og:image:width\" content=\"200\" \/>\n\t<meta property=\"og:image:height\" content=\"200\" \/>\n\t<meta property=\"og:image:type\" content=\"image\/jpeg\" \/>\n<meta name=\"author\" content=\"popolet\" \/>\n<meta name=\"twitter:card\" content=\"summary_large_image\" \/>\n<meta name=\"twitter:creator\" content=\"@popoletbordados\" \/>\n<meta name=\"twitter:site\" content=\"@popoletbordados\" \/>\n<meta name=\"twitter:label1\" content=\"Escrito por\" \/>\n\t<meta name=\"twitter:data1\" content=\"popolet\" \/>\n\t<meta name=\"twitter:label2\" content=\"Tiempo de lectura\" \/>\n\t<meta name=\"twitter:data2\" content=\"1 minuto\" \/>\n<script type=\"application\/ld+json\" class=\"yoast-schema-graph\">{\"@context\":\"https:\\\/\\\/schema.org\",\"@graph\":[{\"@type\":\"Article\",\"@id\":\"https:\\\/\\\/www.popolet.com\\\/blog\\\/peluches-y-munecas-personalizados#article\",\"isPartOf\":{\"@id\":\"https:\\\/\\\/www.popolet.com\\\/blog\\\/peluches-y-munecas-personalizados\"},\"author\":{\"name\":\"popolet\",\"@id\":\"https:\\\/\\\/www.popolet.com\\\/blog\\\/#\\\/schema\\\/person\\\/b7527f5ea19a05f2688babfe2ea155b8\"},\"headline\":\"Peluches y mu\u00f1ecas personalizados\",\"datePublished\":\"2017-02-22T15:15:24+00:00\",\"dateModified\":\"2018-06-05T20:35:43+00:00\",\"mainEntityOfPage\":{\"@id\":\"https:\\\/\\\/www.popolet.com\\\/blog\\\/peluches-y-munecas-personalizados\"},\"wordCount\":150,\"commentCount\":0,\"publisher\":{\"@id\":\"https:\\\/\\\/www.popolet.com\\\/blog\\\/#organization\"},\"image\":{\"@id\":\"https:\\\/\\\/www.popolet.com\\\/blog\\\/peluches-y-munecas-personalizados#primaryimage\"},\"thumbnailUrl\":\"https:\\\/\\\/www.popolet.com\\\/blog\\\/wp-content\\\/uploads\\\/2018\\\/06\\\/CANSTILLA-BEBE-LIA.jpg\",\"articleSection\":[\"Juguetes\",\"Ni\u00f1os\"],\"inLanguage\":\"es\",\"potentialAction\":[{\"@type\":\"CommentAction\",\"name\":\"Comment\",\"target\":[\"https:\\\/\\\/www.popolet.com\\\/blog\\\/peluches-y-munecas-personalizados#respond\"]}]},{\"@type\":\"WebPage\",\"@id\":\"https:\\\/\\\/www.popolet.com\\\/blog\\\/peluches-y-munecas-personalizados\",\"url\":\"https:\\\/\\\/www.popolet.com\\\/blog\\\/peluches-y-munecas-personalizados\",\"name\":\"Mu\u00f1ecas y peluches personalizados\",\"isPartOf\":{\"@id\":\"https:\\\/\\\/www.popolet.com\\\/blog\\\/#website\"},\"primaryImageOfPage\":{\"@id\":\"https:\\\/\\\/www.popolet.com\\\/blog\\\/peluches-y-munecas-personalizados#primaryimage\"},\"image\":{\"@id\":\"https:\\\/\\\/www.popolet.com\\\/blog\\\/peluches-y-munecas-personalizados#primaryimage\"},\"thumbnailUrl\":\"https:\\\/\\\/www.popolet.com\\\/blog\\\/wp-content\\\/uploads\\\/2018\\\/06\\\/CANSTILLA-BEBE-LIA.jpg\",\"datePublished\":\"2017-02-22T15:15:24+00:00\",\"dateModified\":\"2018-06-05T20:35:43+00:00\",\"description\":\"Mu\u00f1ecas y peluches bordados con el nombre de tu peque\u00f1o\",\"breadcrumb\":{\"@id\":\"https:\\\/\\\/www.popolet.com\\\/blog\\\/peluches-y-munecas-personalizados#breadcrumb\"},\"inLanguage\":\"es\",\"potentialAction\":[{\"@type\":\"ReadAction\",\"target\":[\"https:\\\/\\\/www.popolet.com\\\/blog\\\/peluches-y-munecas-personalizados\"]}]},{\"@type\":\"ImageObject\",\"inLanguage\":\"es\",\"@id\":\"https:\\\/\\\/www.popolet.com\\\/blog\\\/peluches-y-munecas-personalizados#primaryimage\",\"url\":\"https:\\\/\\\/www.popolet.com\\\/blog\\\/wp-content\\\/uploads\\\/2018\\\/06\\\/CANSTILLA-BEBE-LIA.jpg\",\"contentUrl\":\"https:\\\/\\\/www.popolet.com\\\/blog\\\/wp-content\\\/uploads\\\/2018\\\/06\\\/CANSTILLA-BEBE-LIA.jpg\",\"width\":200,\"height\":200},{\"@type\":\"BreadcrumbList\",\"@id\":\"https:\\\/\\\/www.popolet.com\\\/blog\\\/peluches-y-munecas-personalizados#breadcrumb\",\"itemListElement\":[{\"@type\":\"ListItem\",\"position\":1,\"name\":\"Portada\",\"item\":\"https:\\\/\\\/www.popolet.com\\\/blog\\\/\"},{\"@type\":\"ListItem\",\"position\":2,\"name\":\"Peluches y mu\u00f1ecas personalizados\"}]},{\"@type\":\"WebSite\",\"@id\":\"https:\\\/\\\/www.popolet.com\\\/blog\\\/#website\",\"url\":\"https:\\\/\\\/www.popolet.com\\\/blog\\\/\",\"name\":\"Blog Popolet Bordados\",\"description\":\"Todas las ideas para tu beb\u00e9, moda, consejos e ideas para la crianza\",\"publisher\":{\"@id\":\"https:\\\/\\\/www.popolet.com\\\/blog\\\/#organization\"},\"potentialAction\":[{\"@type\":\"SearchAction\",\"target\":{\"@type\":\"EntryPoint\",\"urlTemplate\":\"https:\\\/\\\/www.popolet.com\\\/blog\\\/?s={search_term_string}\"},\"query-input\":{\"@type\":\"PropertyValueSpecification\",\"valueRequired\":true,\"valueName\":\"search_term_string\"}}],\"inLanguage\":\"es\"},{\"@type\":\"Organization\",\"@id\":\"https:\\\/\\\/www.popolet.com\\\/blog\\\/#organization\",\"name\":\"Popolet bordados\",\"url\":\"https:\\\/\\\/www.popolet.com\\\/blog\\\/\",\"logo\":{\"@type\":\"ImageObject\",\"inLanguage\":\"es\",\"@id\":\"https:\\\/\\\/www.popolet.com\\\/blog\\\/#\\\/schema\\\/logo\\\/image\\\/\",\"url\":\"https:\\\/\\\/www.popolet.com\\\/blog\\\/wp-content\\\/uploads\\\/2017\\\/02\\\/cropped-popolet-bordados.gif\",\"contentUrl\":\"https:\\\/\\\/www.popolet.com\\\/blog\\\/wp-content\\\/uploads\\\/2017\\\/02\\\/cropped-popolet-bordados.gif\",\"width\":240,\"height\":105,\"caption\":\"Popolet bordados\"},\"image\":{\"@id\":\"https:\\\/\\\/www.popolet.com\\\/blog\\\/#\\\/schema\\\/logo\\\/image\\\/\"},\"sameAs\":[\"https:\\\/\\\/es-es.facebook.com\\\/bordadospopolet\\\/\",\"https:\\\/\\\/x.com\\\/popoletbordados\",\"https:\\\/\\\/www.instagram.com\\\/popolet_bordados\\\/\",\"https:\\\/\\\/es.pinterest.com\\\/popolet\\\/\"]},{\"@type\":\"Person\",\"@id\":\"https:\\\/\\\/www.popolet.com\\\/blog\\\/#\\\/schema\\\/person\\\/b7527f5ea19a05f2688babfe2ea155b8\",\"name\":\"popolet\",\"image\":{\"@type\":\"ImageObject\",\"inLanguage\":\"es\",\"@id\":\"https:\\\/\\\/secure.gravatar.com\\\/avatar\\\/422bd873184440df9fa5d5e5dd21c14637f2cadafd25c330accc74fc6cbf7327?s=96&d=mm&r=g\",\"url\":\"https:\\\/\\\/secure.gravatar.com\\\/avatar\\\/422bd873184440df9fa5d5e5dd21c14637f2cadafd25c330accc74fc6cbf7327?s=96&d=mm&r=g\",\"contentUrl\":\"https:\\\/\\\/secure.gravatar.com\\\/avatar\\\/422bd873184440df9fa5d5e5dd21c14637f2cadafd25c330accc74fc6cbf7327?s=96&d=mm&r=g\",\"caption\":\"popolet\"},\"description\":\"En 2012 nace Popolet un proyecto lleno de ilusi\u00f3n, en cada una de nuestros trabajos ponemos todo nuestro mimo.\"}]}<\/script>\n<!-- \/ Yoast SEO plugin. -->","yoast_head_json":{"title":"Mu\u00f1ecas y peluches personalizados","description":"Mu\u00f1ecas y peluches bordados con el nombre de tu peque\u00f1o","robots":{"index":"index","follow":"follow","max-snippet":"max-snippet:-1","max-image-preview":"max-image-preview:large","max-video-preview":"max-video-preview:-1"},"canonical":"https:\/\/www.popolet.com\/blog\/peluches-y-munecas-personalizados","og_locale":"es_ES","og_type":"article","og_title":"Mu\u00f1ecas y peluches personalizados","og_description":"Mu\u00f1ecas y peluches bordados con el nombre de tu peque\u00f1o","og_url":"https:\/\/www.popolet.com\/blog\/peluches-y-munecas-personalizados","og_site_name":"Blog Popolet Bordados","article_publisher":"https:\/\/es-es.facebook.com\/bordadospopolet\/","article_published_time":"2017-02-22T15:15:24+00:00","article_modified_time":"2018-06-05T20:35:43+00:00","og_image":[{"width":200,"height":200,"url":"https:\/\/www.popolet.com\/blog\/wp-content\/uploads\/2018\/06\/CANSTILLA-BEBE-LIA.jpg","type":"image\/jpeg"}],"author":"popolet","twitter_card":"summary_large_image","twitter_creator":"@popoletbordados","twitter_site":"@popoletbordados","twitter_misc":{"Escrito por":"popolet","Tiempo de lectura":"1 minuto"},"schema":{"@context":"https:\/\/schema.org","@graph":[{"@type":"Article","@id":"https:\/\/www.popolet.com\/blog\/peluches-y-munecas-personalizados#article","isPartOf":{"@id":"https:\/\/www.popolet.com\/blog\/peluches-y-munecas-personalizados"},"author":{"name":"popolet","@id":"https:\/\/www.popolet.com\/blog\/#\/schema\/person\/b7527f5ea19a05f2688babfe2ea155b8"},"headline":"Peluches y mu\u00f1ecas personalizados","datePublished":"2017-02-22T15:15:24+00:00","dateModified":"2018-06-05T20:35:43+00:00","mainEntityOfPage":{"@id":"https:\/\/www.popolet.com\/blog\/peluches-y-munecas-personalizados"},"wordCount":150,"commentCount":0,"publisher":{"@id":"https:\/\/www.popolet.com\/blog\/#organization"},"image":{"@id":"https:\/\/www.popolet.com\/blog\/peluches-y-munecas-personalizados#primaryimage"},"thumbnailUrl":"https:\/\/www.popolet.com\/blog\/wp-content\/uploads\/2018\/06\/CANSTILLA-BEBE-LIA.jpg","articleSection":["Juguetes","Ni\u00f1os"],"inLanguage":"es","potentialAction":[{"@type":"CommentAction","name":"Comment","target":["https:\/\/www.popolet.com\/blog\/peluches-y-munecas-personalizados#respond"]}]},{"@type":"WebPage","@id":"https:\/\/www.popolet.com\/blog\/peluches-y-munecas-personalizados","url":"https:\/\/www.popolet.com\/blog\/peluches-y-munecas-personalizados","name":"Mu\u00f1ecas y peluches personalizados","isPartOf":{"@id":"https:\/\/www.popolet.com\/blog\/#website"},"primaryImageOfPage":{"@id":"https:\/\/www.popolet.com\/blog\/peluches-y-munecas-personalizados#primaryimage"},"image":{"@id":"https:\/\/www.popolet.com\/blog\/peluches-y-munecas-personalizados#primaryimage"},"thumbnailUrl":"https:\/\/www.popolet.com\/blog\/wp-content\/uploads\/2018\/06\/CANSTILLA-BEBE-LIA.jpg","datePublished":"2017-02-22T15:15:24+00:00","dateModified":"2018-06-05T20:35:43+00:00","description":"Mu\u00f1ecas y peluches bordados con el nombre de tu peque\u00f1o","breadcrumb":{"@id":"https:\/\/www.popolet.com\/blog\/peluches-y-munecas-personalizados#breadcrumb"},"inLanguage":"es","potentialAction":[{"@type":"ReadAction","target":["https:\/\/www.popolet.com\/blog\/peluches-y-munecas-personalizados"]}]},{"@type":"ImageObject","inLanguage":"es","@id":"https:\/\/www.popolet.com\/blog\/peluches-y-munecas-personalizados#primaryimage","url":"https:\/\/www.popolet.com\/blog\/wp-content\/uploads\/2018\/06\/CANSTILLA-BEBE-LIA.jpg","contentUrl":"https:\/\/www.popolet.com\/blog\/wp-content\/uploads\/2018\/06\/CANSTILLA-BEBE-LIA.jpg","width":200,"height":200},{"@type":"BreadcrumbList","@id":"https:\/\/www.popolet.com\/blog\/peluches-y-munecas-personalizados#breadcrumb","itemListElement":[{"@type":"ListItem","position":1,"name":"Portada","item":"https:\/\/www.popolet.com\/blog\/"},{"@type":"ListItem","position":2,"name":"Peluches y mu\u00f1ecas personalizados"}]},{"@type":"WebSite","@id":"https:\/\/www.popolet.com\/blog\/#website","url":"https:\/\/www.popolet.com\/blog\/","name":"Blog Popolet Bordados","description":"Todas las ideas para tu beb\u00e9, moda, consejos e ideas para la crianza","publisher":{"@id":"https:\/\/www.popolet.com\/blog\/#organization"},"potentialAction":[{"@type":"SearchAction","target":{"@type":"EntryPoint","urlTemplate":"https:\/\/www.popolet.com\/blog\/?s={search_term_string}"},"query-input":{"@type":"PropertyValueSpecification","valueRequired":true,"valueName":"search_term_string"}}],"inLanguage":"es"},{"@type":"Organization","@id":"https:\/\/www.popolet.com\/blog\/#organization","name":"Popolet bordados","url":"https:\/\/www.popolet.com\/blog\/","logo":{"@type":"ImageObject","inLanguage":"es","@id":"https:\/\/www.popolet.com\/blog\/#\/schema\/logo\/image\/","url":"https:\/\/www.popolet.com\/blog\/wp-content\/uploads\/2017\/02\/cropped-popolet-bordados.gif","contentUrl":"https:\/\/www.popolet.com\/blog\/wp-content\/uploads\/2017\/02\/cropped-popolet-bordados.gif","width":240,"height":105,"caption":"Popolet bordados"},"image":{"@id":"https:\/\/www.popolet.com\/blog\/#\/schema\/logo\/image\/"},"sameAs":["https:\/\/es-es.facebook.com\/bordadospopolet\/","https:\/\/x.com\/popoletbordados","https:\/\/www.instagram.com\/popolet_bordados\/","https:\/\/es.pinterest.com\/popolet\/"]},{"@type":"Person","@id":"https:\/\/www.popolet.com\/blog\/#\/schema\/person\/b7527f5ea19a05f2688babfe2ea155b8","name":"popolet","image":{"@type":"ImageObject","inLanguage":"es","@id":"https:\/\/secure.gravatar.com\/avatar\/422bd873184440df9fa5d5e5dd21c14637f2cadafd25c330accc74fc6cbf7327?s=96&d=mm&r=g","url":"https:\/\/secure.gravatar.com\/avatar\/422bd873184440df9fa5d5e5dd21c14637f2cadafd25c330accc74fc6cbf7327?s=96&d=mm&r=g","contentUrl":"https:\/\/secure.gravatar.com\/avatar\/422bd873184440df9fa5d5e5dd21c14637f2cadafd25c330accc74fc6cbf7327?s=96&d=mm&r=g","caption":"popolet"},"description":"En 2012 nace Popolet un proyecto lleno de ilusi\u00f3n, en cada una de nuestros trabajos ponemos todo nuestro mimo."}]}},"_links":{"self":[{"href":"https:\/\/www.popolet.com\/blog\/wp-json\/wp\/v2\/posts\/2796","targetHints":{"allow":["GET"]}}],"collection":[{"href":"https:\/\/www.popolet.com\/blog\/wp-json\/wp\/v2\/posts"}],"about":[{"href":"https:\/\/www.popolet.com\/blog\/wp-json\/wp\/v2\/types\/post"}],"author":[{"embeddable":true,"href":"https:\/\/www.popolet.com\/blog\/wp-json\/wp\/v2\/users\/2"}],"replies":[{"embeddable":true,"href":"https:\/\/www.popolet.com\/blog\/wp-json\/wp\/v2\/comments?post=2796"}],"version-history":[{"count":4,"href":"https:\/\/www.popolet.com\/blog\/wp-json\/wp\/v2\/posts\/2796\/revisions"}],"predecessor-version":[{"id":2808,"href":"https:\/\/www.popolet.com\/blog\/wp-json\/wp\/v2\/posts\/2796\/revisions\/2808"}],"wp:featuredmedia":[{"embeddable":true,"href":"https:\/\/www.popolet.com\/blog\/wp-json\/wp\/v2\/media\/3248"}],"wp:attachment":[{"href":"https:\/\/www.popolet.com\/blog\/wp-json\/wp\/v2\/media?parent=2796"}],"wp:term":[{"taxonomy":"category","embeddable":true,"href":"https:\/\/www.popolet.com\/blog\/wp-json\/wp\/v2\/categories?post=2796"},{"taxonomy":"post_tag","embeddable":true,"href":"https:\/\/www.popolet.com\/blog\/wp-json\/wp\/v2\/tags?post=2796"}],"curies":[{"name":"wp","href":"https:\/\/api.w.org\/{rel}","templated":true}]}}