{"id":3133,"date":"2018-02-12T23:41:00","date_gmt":"2018-02-12T22:41:00","guid":{"rendered":"https:\/\/www.popolet.com\/blog\/?p=3133"},"modified":"2020-11-10T14:06:10","modified_gmt":"2020-11-10T13:06:10","slug":"maria-cantaro-alpargatas-comunion","status":"publish","type":"post","link":"https:\/\/www.popolet.com\/blog\/maria-cantaro-alpargatas-comunion","title":{"rendered":"Mar\u00eda de C\u00e1ntaro, Alpargatas de comuni\u00f3n Que no se te escapen!!"},"content":{"rendered":"<p>Mar\u00eda de C\u00e1ntaro ,Alpargatas de comuni\u00f3n.Supongo que muchas de vosotras ya conoc\u00e9is a Mar\u00eda de C\u00e1ntaro sobre todo por los preciosos conejitos e trapo que confecciona con tanto esmero y son un encanto. Hoy tambi\u00e9n quiero hablaros de otras maravillosas alpargatas de comuni\u00f3n.<\/p>\n<h3 class=\"page-title\">Conejita <a href=\"http:\/\/mariadecantaro.com\/ceremonias\/\">LALA<\/a><\/h3>\n<div class=\"page-content\">\n<h1>Lala, la conejita t\u00edmida\u2026<\/h1>\n<p>Esta es la conejita Lala, tiene muchas ganas de jugar y es un poco t\u00edmida. Est\u00e1 elaborada en tejido de strech, lavable y la ropita est\u00e1 hecha en telas de algod\u00f3n, piqu\u00e9 o viyela y tejido de punto.<a href=\"https:\/\/www.popolet.com\/blog\/wp-content\/uploads\/2018\/02\/PSX_20171221_234339-873x1024.jpg\"><img loading=\"lazy\" decoding=\"async\" class=\"size-medium wp-image-3145 alignleft\" src=\"https:\/\/www.popolet.com\/blog\/wp-content\/uploads\/2018\/02\/PSX_20171221_234339-873x1024-256x300.jpg\" alt=\"\" width=\"256\" height=\"300\" srcset=\"https:\/\/www.popolet.com\/blog\/wp-content\/uploads\/2018\/02\/PSX_20171221_234339-873x1024-256x300.jpg 256w, https:\/\/www.popolet.com\/blog\/wp-content\/uploads\/2018\/02\/PSX_20171221_234339-873x1024-768x901.jpg 768w, https:\/\/www.popolet.com\/blog\/wp-content\/uploads\/2018\/02\/PSX_20171221_234339-873x1024.jpg 873w\" sizes=\"auto, (max-width: 256px) 100vw, 256px\" \/><\/a>No me pod\u00e9is negar que es un encanto de mu\u00f1eca y adem\u00e1s no est\u00e1 sola.<\/p>\n<p>Le acompa\u00f1a el simp\u00e1tico conejito Lolo.<\/p>\n<p><a href=\"https:\/\/www.popolet.com\/blog\/wp-content\/uploads\/2018\/02\/Conejito.Invierno-1009x1024-1.jpg\"><img loading=\"lazy\" decoding=\"async\" class=\"alignnone size-medium wp-image-3144\" src=\"https:\/\/www.popolet.com\/blog\/wp-content\/uploads\/2018\/02\/Conejito.Invierno-1009x1024-1-296x300.jpg\" alt=\"\" width=\"296\" height=\"300\" srcset=\"https:\/\/www.popolet.com\/blog\/wp-content\/uploads\/2018\/02\/Conejito.Invierno-1009x1024-1-296x300.jpg 296w, https:\/\/www.popolet.com\/blog\/wp-content\/uploads\/2018\/02\/Conejito.Invierno-1009x1024-1-768x779.jpg 768w, https:\/\/www.popolet.com\/blog\/wp-content\/uploads\/2018\/02\/Conejito.Invierno-1009x1024-1.jpg 1009w\" sizes=\"auto, (max-width: 296px) 100vw, 296px\" \/><\/a><\/p>\n<\/div>\n<h1><\/h1>\n<h3 class=\"page-title\">Conejito LOLO<\/h3>\n<div class=\"page-content\">\n<h1>Lolo, el conejito aventurero\u2026<\/h1>\n<p>Aqu\u00ed ten\u00e9is al conejito Lolo, tiene muchas ganas de conocer mundo y es un poco gamberrete. Est\u00e1 elaborado en tejido de strech, lavable y la ropita est\u00e1 hecha en telas de algod\u00f3n, piqu\u00e9 o viyela y tejido de punto.<\/p>\n<\/div>\n<p><a href=\"https:\/\/www.popolet.com\/blog\/wp-content\/uploads\/2018\/02\/babybunnylolo.1-1024x1024-1.png\"><strong><img loading=\"lazy\" decoding=\"async\" class=\"alignnone size-medium wp-image-3143\" src=\"https:\/\/www.popolet.com\/blog\/wp-content\/uploads\/2018\/02\/babybunnylolo.1-1024x1024-1-300x300.png\" alt=\"\" width=\"300\" height=\"300\" srcset=\"https:\/\/www.popolet.com\/blog\/wp-content\/uploads\/2018\/02\/babybunnylolo.1-1024x1024-1-300x300.png 300w, https:\/\/www.popolet.com\/blog\/wp-content\/uploads\/2018\/02\/babybunnylolo.1-1024x1024-1-150x150.png 150w, https:\/\/www.popolet.com\/blog\/wp-content\/uploads\/2018\/02\/babybunnylolo.1-1024x1024-1-768x768.png 768w, https:\/\/www.popolet.com\/blog\/wp-content\/uploads\/2018\/02\/babybunnylolo.1-1024x1024-1-240x240.png 240w, https:\/\/www.popolet.com\/blog\/wp-content\/uploads\/2018\/02\/babybunnylolo.1-1024x1024-1-184x184.png 184w, https:\/\/www.popolet.com\/blog\/wp-content\/uploads\/2018\/02\/babybunnylolo.1-1024x1024-1.png 1024w\" sizes=\"auto, (max-width: 300px) 100vw, 300px\" \/><\/strong>Tanto Lala como Lolo <\/a><\/p>\n<p>Son una maravilla, pero ah\u00ed no queda todo.<\/p>\n<h2>Alpargatas de comuni\u00f3n<\/h2>\n<p>En esta ocasi\u00f3n quer\u00eda que conocierais otros art\u00edculos que Ana elabora con un buen saber hacer y un gusto impecables.<\/p>\n<p>Os estoy hablando de su colecci\u00f3n de <a href=\"http:\/\/mariadecantaro.com\/ceremonias\/\">alpargatas<\/a> de Comuni\u00f3n y ceremonia que son una preciosidad.<\/p>\n<p>Parece que los t\u00e9rminos alpargatas y ceremonia o comuni\u00f3n no tienen cabida en la misma frase.<\/p>\n<p>Sin embargo, con el cari\u00f1o y el buen gusto que Ana pone en sus creaciones son el complemento ideal para unas ni\u00f1as que tienen cualquier tipo de estos eventos.<\/p>\n<p>Y como se suele decir,para muestra un bot\u00f3n<\/p>\n<p><a href=\"https:\/\/www.popolet.com\/blog\/wp-content\/uploads\/2018\/02\/Brisa-1024x965.jpg\"><img loading=\"lazy\" decoding=\"async\" class=\"alignnone size-medium wp-image-3139\" src=\"https:\/\/www.popolet.com\/blog\/wp-content\/uploads\/2018\/02\/Brisa-1024x965-300x283.jpg\" alt=\"\" width=\"300\" height=\"283\" srcset=\"https:\/\/www.popolet.com\/blog\/wp-content\/uploads\/2018\/02\/Brisa-1024x965-300x283.jpg 300w, https:\/\/www.popolet.com\/blog\/wp-content\/uploads\/2018\/02\/Brisa-1024x965-768x724.jpg 768w, https:\/\/www.popolet.com\/blog\/wp-content\/uploads\/2018\/02\/Brisa-1024x965.jpg 1024w\" sizes=\"auto, (max-width: 300px) 100vw, 300px\" \/><\/a><\/p>\n<p><a href=\"https:\/\/www.popolet.com\/blog\/wp-content\/uploads\/2018\/02\/4.MODELOS-1024x1024.jpg\"><img loading=\"lazy\" decoding=\"async\" class=\"alignnone size-medium wp-image-3140\" src=\"https:\/\/www.popolet.com\/blog\/wp-content\/uploads\/2018\/02\/4.MODELOS-1024x1024-300x300.jpg\" alt=\"\" width=\"300\" height=\"300\" srcset=\"https:\/\/www.popolet.com\/blog\/wp-content\/uploads\/2018\/02\/4.MODELOS-1024x1024-300x300.jpg 300w, https:\/\/www.popolet.com\/blog\/wp-content\/uploads\/2018\/02\/4.MODELOS-1024x1024-150x150.jpg 150w, https:\/\/www.popolet.com\/blog\/wp-content\/uploads\/2018\/02\/4.MODELOS-1024x1024-768x768.jpg 768w, https:\/\/www.popolet.com\/blog\/wp-content\/uploads\/2018\/02\/4.MODELOS-1024x1024-240x240.jpg 240w, https:\/\/www.popolet.com\/blog\/wp-content\/uploads\/2018\/02\/4.MODELOS-1024x1024-184x184.jpg 184w, https:\/\/www.popolet.com\/blog\/wp-content\/uploads\/2018\/02\/4.MODELOS-1024x1024.jpg 1024w\" sizes=\"auto, (max-width: 300px) 100vw, 300px\" \/><\/a><\/p>\n<p>Todas ellas son fant\u00e1sticas para que las ni\u00f1itas vayan c\u00f3modas un d\u00eda especial como el de su primera comuni\u00f3n.<\/p>\n<h2>Mu\u00f1ecas Comuni\u00f3n<\/h2>\n<p>Adem\u00e1s de todo lo que os he ense\u00f1ado otra delicia que no os pod\u00e9is perder son sus mu\u00f1ecas de comuni\u00f3n.<\/p>\n<p>Son preciosas y se sale de lo convencional!<\/p>\n<p>Conseguir\u00e1s sorprender con este regalo.<\/p>\n<p><a href=\"https:\/\/www.popolet.com\/blog\/wp-content\/uploads\/2018\/02\/MarietaS.PComunion.Tul_-882x1024.jpg\"><img loading=\"lazy\" decoding=\"async\" class=\"alignnone size-medium wp-image-3135\" src=\"https:\/\/www.popolet.com\/blog\/wp-content\/uploads\/2018\/02\/MarietaS.PComunion.Tul_-882x1024-258x300.jpg\" alt=\"\" width=\"258\" height=\"300\" srcset=\"https:\/\/www.popolet.com\/blog\/wp-content\/uploads\/2018\/02\/MarietaS.PComunion.Tul_-882x1024-258x300.jpg 258w, https:\/\/www.popolet.com\/blog\/wp-content\/uploads\/2018\/02\/MarietaS.PComunion.Tul_-882x1024-768x892.jpg 768w, https:\/\/www.popolet.com\/blog\/wp-content\/uploads\/2018\/02\/MarietaS.PComunion.Tul_-882x1024.jpg 882w\" sizes=\"auto, (max-width: 258px) 100vw, 258px\" \/><\/a><\/p>\n<p>Y si quieres una sugerencia m\u00e1s te animamos a que ve\u00e1is nuestros <a href=\"http:\/\/www.popolet.com\/tienda\/albornoces\/albornoces-comunion\/\">albornoces<\/a> de comuni\u00f3n.<\/p>\n","protected":false},"excerpt":{"rendered":"<p>Mar\u00eda de C\u00e1ntaro ,Alpargatas de comuni\u00f3n.Supongo que muchas de vosotras ya conoc\u00e9is a Mar\u00eda de C\u00e1ntaro sobre todo por los preciosos conejitos e trapo que confecciona con tanto esmero y son un encanto. Hoy tambi\u00e9n quiero hablaros de otras maravillosas alpargatas de comuni\u00f3n. Conejita LALA Lala, la conejita t\u00edmida\u2026 Esta es la conejita Lala, tiene [&hellip;]<\/p>\n","protected":false},"author":2,"featured_media":3139,"comment_status":"open","ping_status":"open","sticky":false,"template":"","format":"standard","meta":{"_et_pb_use_builder":"","_et_pb_old_content":"","_et_gb_content_width":"","footnotes":""},"categories":[58,4],"tags":[112,57],"class_list":["post-3133","post","type-post","status-publish","format-standard","has-post-thumbnail","hentry","category-comuniones-recomendaciones","category-recomendaciones","tag-alpargatas","tag-comuniones"],"yoast_head":"<!-- This site is optimized with the Yoast SEO plugin v27.5 - https:\/\/yoast.com\/product\/yoast-seo-wordpress\/ -->\n<title>Mar\u00eda de C\u00e1ntaro Alpargatas Comuni\u00f3n<\/title>\n<meta name=\"description\" content=\"Alpargatas de comuni\u00f3n por Mar\u00eda de C\u00e1ntaro.No puedes dejar escapar est\u00e1s maravillosas alpargatas para cualquier ceremonia o para la primera comuni\u00f3n de tu ni\u00f1a.\" \/>\n<meta name=\"robots\" content=\"index, follow, max-snippet:-1, max-image-preview:large, max-video-preview:-1\" \/>\n<link rel=\"canonical\" href=\"https:\/\/www.popolet.com\/blog\/maria-cantaro-alpargatas-comunion\" \/>\n<meta property=\"og:locale\" content=\"es_ES\" \/>\n<meta property=\"og:type\" content=\"article\" \/>\n<meta property=\"og:title\" content=\"Mar\u00eda de C\u00e1ntaro Alpargatas Comuni\u00f3n\" \/>\n<meta property=\"og:description\" content=\"Alpargatas de comuni\u00f3n por Mar\u00eda de C\u00e1ntaro.No puedes dejar escapar est\u00e1s maravillosas alpargatas para cualquier ceremonia o para la primera comuni\u00f3n de tu ni\u00f1a.\" \/>\n<meta property=\"og:url\" content=\"https:\/\/www.popolet.com\/blog\/maria-cantaro-alpargatas-comunion\" \/>\n<meta property=\"og:site_name\" content=\"Blog Popolet Bordados\" \/>\n<meta property=\"article:publisher\" content=\"https:\/\/es-es.facebook.com\/bordadospopolet\/\" \/>\n<meta property=\"article:published_time\" content=\"2018-02-12T22:41:00+00:00\" \/>\n<meta property=\"article:modified_time\" content=\"2020-11-10T13:06:10+00:00\" \/>\n<meta property=\"og:image\" content=\"https:\/\/www.popolet.com\/blog\/wp-content\/uploads\/2018\/06\/MARIA-CANTARO-OPT.jpg\" \/>\n\t<meta property=\"og:image:width\" content=\"1024\" \/>\n\t<meta property=\"og:image:height\" content=\"965\" \/>\n\t<meta property=\"og:image:type\" content=\"image\/jpeg\" \/>\n<meta name=\"author\" content=\"popolet\" \/>\n<meta name=\"twitter:card\" content=\"summary_large_image\" \/>\n<meta name=\"twitter:creator\" content=\"@popoletbordados\" \/>\n<meta name=\"twitter:site\" content=\"@popoletbordados\" \/>\n<meta name=\"twitter:label1\" content=\"Escrito por\" \/>\n\t<meta name=\"twitter:data1\" content=\"popolet\" \/>\n\t<meta name=\"twitter:label2\" content=\"Tiempo de lectura\" \/>\n\t<meta name=\"twitter:data2\" content=\"2 minutos\" \/>\n<script type=\"application\/ld+json\" class=\"yoast-schema-graph\">{\"@context\":\"https:\\\/\\\/schema.org\",\"@graph\":[{\"@type\":[\"Article\",\"SocialMediaPosting\"],\"@id\":\"https:\\\/\\\/www.popolet.com\\\/blog\\\/maria-cantaro-alpargatas-comunion#article\",\"isPartOf\":{\"@id\":\"https:\\\/\\\/www.popolet.com\\\/blog\\\/maria-cantaro-alpargatas-comunion\"},\"author\":{\"name\":\"popolet\",\"@id\":\"https:\\\/\\\/www.popolet.com\\\/blog\\\/#\\\/schema\\\/person\\\/b7527f5ea19a05f2688babfe2ea155b8\"},\"headline\":\"Mar\u00eda de C\u00e1ntaro, Alpargatas de comuni\u00f3n Que no se te escapen!!\",\"datePublished\":\"2018-02-12T22:41:00+00:00\",\"dateModified\":\"2020-11-10T13:06:10+00:00\",\"mainEntityOfPage\":{\"@id\":\"https:\\\/\\\/www.popolet.com\\\/blog\\\/maria-cantaro-alpargatas-comunion\"},\"wordCount\":387,\"commentCount\":0,\"publisher\":{\"@id\":\"https:\\\/\\\/www.popolet.com\\\/blog\\\/#organization\"},\"image\":{\"@id\":\"https:\\\/\\\/www.popolet.com\\\/blog\\\/maria-cantaro-alpargatas-comunion#primaryimage\"},\"thumbnailUrl\":\"https:\\\/\\\/www.popolet.com\\\/blog\\\/wp-content\\\/uploads\\\/2018\\\/02\\\/Brisa-1024x965.jpg\",\"keywords\":[\"alpargatas\",\"comuniones\"],\"articleSection\":[\"Comuniones\",\"Recomendaciones\"],\"inLanguage\":\"es\",\"potentialAction\":[{\"@type\":\"CommentAction\",\"name\":\"Comment\",\"target\":[\"https:\\\/\\\/www.popolet.com\\\/blog\\\/maria-cantaro-alpargatas-comunion#respond\"]}]},{\"@type\":[\"WebPage\",\"ItemPage\"],\"@id\":\"https:\\\/\\\/www.popolet.com\\\/blog\\\/maria-cantaro-alpargatas-comunion\",\"url\":\"https:\\\/\\\/www.popolet.com\\\/blog\\\/maria-cantaro-alpargatas-comunion\",\"name\":\"Mar\u00eda de C\u00e1ntaro Alpargatas Comuni\u00f3n\",\"isPartOf\":{\"@id\":\"https:\\\/\\\/www.popolet.com\\\/blog\\\/#website\"},\"primaryImageOfPage\":{\"@id\":\"https:\\\/\\\/www.popolet.com\\\/blog\\\/maria-cantaro-alpargatas-comunion#primaryimage\"},\"image\":{\"@id\":\"https:\\\/\\\/www.popolet.com\\\/blog\\\/maria-cantaro-alpargatas-comunion#primaryimage\"},\"thumbnailUrl\":\"https:\\\/\\\/www.popolet.com\\\/blog\\\/wp-content\\\/uploads\\\/2018\\\/02\\\/Brisa-1024x965.jpg\",\"datePublished\":\"2018-02-12T22:41:00+00:00\",\"dateModified\":\"2020-11-10T13:06:10+00:00\",\"description\":\"Alpargatas de comuni\u00f3n por Mar\u00eda de C\u00e1ntaro.No puedes dejar escapar est\u00e1s maravillosas alpargatas para cualquier ceremonia o para la primera comuni\u00f3n de tu ni\u00f1a.\",\"breadcrumb\":{\"@id\":\"https:\\\/\\\/www.popolet.com\\\/blog\\\/maria-cantaro-alpargatas-comunion#breadcrumb\"},\"inLanguage\":\"es\",\"potentialAction\":[{\"@type\":\"ReadAction\",\"target\":[\"https:\\\/\\\/www.popolet.com\\\/blog\\\/maria-cantaro-alpargatas-comunion\"]}]},{\"@type\":\"ImageObject\",\"inLanguage\":\"es\",\"@id\":\"https:\\\/\\\/www.popolet.com\\\/blog\\\/maria-cantaro-alpargatas-comunion#primaryimage\",\"url\":\"https:\\\/\\\/www.popolet.com\\\/blog\\\/wp-content\\\/uploads\\\/2018\\\/02\\\/Brisa-1024x965.jpg\",\"contentUrl\":\"https:\\\/\\\/www.popolet.com\\\/blog\\\/wp-content\\\/uploads\\\/2018\\\/02\\\/Brisa-1024x965.jpg\",\"width\":1024,\"height\":965,\"caption\":\"MANTA-PERSONALIZADA\"},{\"@type\":\"BreadcrumbList\",\"@id\":\"https:\\\/\\\/www.popolet.com\\\/blog\\\/maria-cantaro-alpargatas-comunion#breadcrumb\",\"itemListElement\":[{\"@type\":\"ListItem\",\"position\":1,\"name\":\"Portada\",\"item\":\"https:\\\/\\\/www.popolet.com\\\/blog\\\/\"},{\"@type\":\"ListItem\",\"position\":2,\"name\":\"Mar\u00eda de C\u00e1ntaro, Alpargatas de comuni\u00f3n Que no se te escapen!!\"}]},{\"@type\":\"WebSite\",\"@id\":\"https:\\\/\\\/www.popolet.com\\\/blog\\\/#website\",\"url\":\"https:\\\/\\\/www.popolet.com\\\/blog\\\/\",\"name\":\"Blog Popolet Bordados\",\"description\":\"Todas las ideas para tu beb\u00e9, moda, consejos e ideas para la crianza\",\"publisher\":{\"@id\":\"https:\\\/\\\/www.popolet.com\\\/blog\\\/#organization\"},\"potentialAction\":[{\"@type\":\"SearchAction\",\"target\":{\"@type\":\"EntryPoint\",\"urlTemplate\":\"https:\\\/\\\/www.popolet.com\\\/blog\\\/?s={search_term_string}\"},\"query-input\":{\"@type\":\"PropertyValueSpecification\",\"valueRequired\":true,\"valueName\":\"search_term_string\"}}],\"inLanguage\":\"es\"},{\"@type\":\"Organization\",\"@id\":\"https:\\\/\\\/www.popolet.com\\\/blog\\\/#organization\",\"name\":\"Popolet bordados\",\"url\":\"https:\\\/\\\/www.popolet.com\\\/blog\\\/\",\"logo\":{\"@type\":\"ImageObject\",\"inLanguage\":\"es\",\"@id\":\"https:\\\/\\\/www.popolet.com\\\/blog\\\/#\\\/schema\\\/logo\\\/image\\\/\",\"url\":\"https:\\\/\\\/www.popolet.com\\\/blog\\\/wp-content\\\/uploads\\\/2017\\\/02\\\/cropped-popolet-bordados.gif\",\"contentUrl\":\"https:\\\/\\\/www.popolet.com\\\/blog\\\/wp-content\\\/uploads\\\/2017\\\/02\\\/cropped-popolet-bordados.gif\",\"width\":240,\"height\":105,\"caption\":\"Popolet bordados\"},\"image\":{\"@id\":\"https:\\\/\\\/www.popolet.com\\\/blog\\\/#\\\/schema\\\/logo\\\/image\\\/\"},\"sameAs\":[\"https:\\\/\\\/es-es.facebook.com\\\/bordadospopolet\\\/\",\"https:\\\/\\\/x.com\\\/popoletbordados\",\"https:\\\/\\\/www.instagram.com\\\/popolet_bordados\\\/\",\"https:\\\/\\\/es.pinterest.com\\\/popolet\\\/\"]},{\"@type\":\"Person\",\"@id\":\"https:\\\/\\\/www.popolet.com\\\/blog\\\/#\\\/schema\\\/person\\\/b7527f5ea19a05f2688babfe2ea155b8\",\"name\":\"popolet\",\"image\":{\"@type\":\"ImageObject\",\"inLanguage\":\"es\",\"@id\":\"https:\\\/\\\/secure.gravatar.com\\\/avatar\\\/422bd873184440df9fa5d5e5dd21c14637f2cadafd25c330accc74fc6cbf7327?s=96&d=mm&r=g\",\"url\":\"https:\\\/\\\/secure.gravatar.com\\\/avatar\\\/422bd873184440df9fa5d5e5dd21c14637f2cadafd25c330accc74fc6cbf7327?s=96&d=mm&r=g\",\"contentUrl\":\"https:\\\/\\\/secure.gravatar.com\\\/avatar\\\/422bd873184440df9fa5d5e5dd21c14637f2cadafd25c330accc74fc6cbf7327?s=96&d=mm&r=g\",\"caption\":\"popolet\"},\"description\":\"En 2012 nace Popolet un proyecto lleno de ilusi\u00f3n, en cada una de nuestros trabajos ponemos todo nuestro mimo.\"}]}<\/script>\n<!-- \/ Yoast SEO plugin. -->","yoast_head_json":{"title":"Mar\u00eda de C\u00e1ntaro Alpargatas Comuni\u00f3n","description":"Alpargatas de comuni\u00f3n por Mar\u00eda de C\u00e1ntaro.No puedes dejar escapar est\u00e1s maravillosas alpargatas para cualquier ceremonia o para la primera comuni\u00f3n de tu ni\u00f1a.","robots":{"index":"index","follow":"follow","max-snippet":"max-snippet:-1","max-image-preview":"max-image-preview:large","max-video-preview":"max-video-preview:-1"},"canonical":"https:\/\/www.popolet.com\/blog\/maria-cantaro-alpargatas-comunion","og_locale":"es_ES","og_type":"article","og_title":"Mar\u00eda de C\u00e1ntaro Alpargatas Comuni\u00f3n","og_description":"Alpargatas de comuni\u00f3n por Mar\u00eda de C\u00e1ntaro.No puedes dejar escapar est\u00e1s maravillosas alpargatas para cualquier ceremonia o para la primera comuni\u00f3n de tu ni\u00f1a.","og_url":"https:\/\/www.popolet.com\/blog\/maria-cantaro-alpargatas-comunion","og_site_name":"Blog Popolet Bordados","article_publisher":"https:\/\/es-es.facebook.com\/bordadospopolet\/","article_published_time":"2018-02-12T22:41:00+00:00","article_modified_time":"2020-11-10T13:06:10+00:00","og_image":[{"width":1024,"height":965,"url":"https:\/\/www.popolet.com\/blog\/wp-content\/uploads\/2018\/06\/MARIA-CANTARO-OPT.jpg","type":"image\/jpeg"}],"author":"popolet","twitter_card":"summary_large_image","twitter_creator":"@popoletbordados","twitter_site":"@popoletbordados","twitter_misc":{"Escrito por":"popolet","Tiempo de lectura":"2 minutos"},"schema":{"@context":"https:\/\/schema.org","@graph":[{"@type":["Article","SocialMediaPosting"],"@id":"https:\/\/www.popolet.com\/blog\/maria-cantaro-alpargatas-comunion#article","isPartOf":{"@id":"https:\/\/www.popolet.com\/blog\/maria-cantaro-alpargatas-comunion"},"author":{"name":"popolet","@id":"https:\/\/www.popolet.com\/blog\/#\/schema\/person\/b7527f5ea19a05f2688babfe2ea155b8"},"headline":"Mar\u00eda de C\u00e1ntaro, Alpargatas de comuni\u00f3n Que no se te escapen!!","datePublished":"2018-02-12T22:41:00+00:00","dateModified":"2020-11-10T13:06:10+00:00","mainEntityOfPage":{"@id":"https:\/\/www.popolet.com\/blog\/maria-cantaro-alpargatas-comunion"},"wordCount":387,"commentCount":0,"publisher":{"@id":"https:\/\/www.popolet.com\/blog\/#organization"},"image":{"@id":"https:\/\/www.popolet.com\/blog\/maria-cantaro-alpargatas-comunion#primaryimage"},"thumbnailUrl":"https:\/\/www.popolet.com\/blog\/wp-content\/uploads\/2018\/02\/Brisa-1024x965.jpg","keywords":["alpargatas","comuniones"],"articleSection":["Comuniones","Recomendaciones"],"inLanguage":"es","potentialAction":[{"@type":"CommentAction","name":"Comment","target":["https:\/\/www.popolet.com\/blog\/maria-cantaro-alpargatas-comunion#respond"]}]},{"@type":["WebPage","ItemPage"],"@id":"https:\/\/www.popolet.com\/blog\/maria-cantaro-alpargatas-comunion","url":"https:\/\/www.popolet.com\/blog\/maria-cantaro-alpargatas-comunion","name":"Mar\u00eda de C\u00e1ntaro Alpargatas Comuni\u00f3n","isPartOf":{"@id":"https:\/\/www.popolet.com\/blog\/#website"},"primaryImageOfPage":{"@id":"https:\/\/www.popolet.com\/blog\/maria-cantaro-alpargatas-comunion#primaryimage"},"image":{"@id":"https:\/\/www.popolet.com\/blog\/maria-cantaro-alpargatas-comunion#primaryimage"},"thumbnailUrl":"https:\/\/www.popolet.com\/blog\/wp-content\/uploads\/2018\/02\/Brisa-1024x965.jpg","datePublished":"2018-02-12T22:41:00+00:00","dateModified":"2020-11-10T13:06:10+00:00","description":"Alpargatas de comuni\u00f3n por Mar\u00eda de C\u00e1ntaro.No puedes dejar escapar est\u00e1s maravillosas alpargatas para cualquier ceremonia o para la primera comuni\u00f3n de tu ni\u00f1a.","breadcrumb":{"@id":"https:\/\/www.popolet.com\/blog\/maria-cantaro-alpargatas-comunion#breadcrumb"},"inLanguage":"es","potentialAction":[{"@type":"ReadAction","target":["https:\/\/www.popolet.com\/blog\/maria-cantaro-alpargatas-comunion"]}]},{"@type":"ImageObject","inLanguage":"es","@id":"https:\/\/www.popolet.com\/blog\/maria-cantaro-alpargatas-comunion#primaryimage","url":"https:\/\/www.popolet.com\/blog\/wp-content\/uploads\/2018\/02\/Brisa-1024x965.jpg","contentUrl":"https:\/\/www.popolet.com\/blog\/wp-content\/uploads\/2018\/02\/Brisa-1024x965.jpg","width":1024,"height":965,"caption":"MANTA-PERSONALIZADA"},{"@type":"BreadcrumbList","@id":"https:\/\/www.popolet.com\/blog\/maria-cantaro-alpargatas-comunion#breadcrumb","itemListElement":[{"@type":"ListItem","position":1,"name":"Portada","item":"https:\/\/www.popolet.com\/blog\/"},{"@type":"ListItem","position":2,"name":"Mar\u00eda de C\u00e1ntaro, Alpargatas de comuni\u00f3n Que no se te escapen!!"}]},{"@type":"WebSite","@id":"https:\/\/www.popolet.com\/blog\/#website","url":"https:\/\/www.popolet.com\/blog\/","name":"Blog Popolet Bordados","description":"Todas las ideas para tu beb\u00e9, moda, consejos e ideas para la crianza","publisher":{"@id":"https:\/\/www.popolet.com\/blog\/#organization"},"potentialAction":[{"@type":"SearchAction","target":{"@type":"EntryPoint","urlTemplate":"https:\/\/www.popolet.com\/blog\/?s={search_term_string}"},"query-input":{"@type":"PropertyValueSpecification","valueRequired":true,"valueName":"search_term_string"}}],"inLanguage":"es"},{"@type":"Organization","@id":"https:\/\/www.popolet.com\/blog\/#organization","name":"Popolet bordados","url":"https:\/\/www.popolet.com\/blog\/","logo":{"@type":"ImageObject","inLanguage":"es","@id":"https:\/\/www.popolet.com\/blog\/#\/schema\/logo\/image\/","url":"https:\/\/www.popolet.com\/blog\/wp-content\/uploads\/2017\/02\/cropped-popolet-bordados.gif","contentUrl":"https:\/\/www.popolet.com\/blog\/wp-content\/uploads\/2017\/02\/cropped-popolet-bordados.gif","width":240,"height":105,"caption":"Popolet bordados"},"image":{"@id":"https:\/\/www.popolet.com\/blog\/#\/schema\/logo\/image\/"},"sameAs":["https:\/\/es-es.facebook.com\/bordadospopolet\/","https:\/\/x.com\/popoletbordados","https:\/\/www.instagram.com\/popolet_bordados\/","https:\/\/es.pinterest.com\/popolet\/"]},{"@type":"Person","@id":"https:\/\/www.popolet.com\/blog\/#\/schema\/person\/b7527f5ea19a05f2688babfe2ea155b8","name":"popolet","image":{"@type":"ImageObject","inLanguage":"es","@id":"https:\/\/secure.gravatar.com\/avatar\/422bd873184440df9fa5d5e5dd21c14637f2cadafd25c330accc74fc6cbf7327?s=96&d=mm&r=g","url":"https:\/\/secure.gravatar.com\/avatar\/422bd873184440df9fa5d5e5dd21c14637f2cadafd25c330accc74fc6cbf7327?s=96&d=mm&r=g","contentUrl":"https:\/\/secure.gravatar.com\/avatar\/422bd873184440df9fa5d5e5dd21c14637f2cadafd25c330accc74fc6cbf7327?s=96&d=mm&r=g","caption":"popolet"},"description":"En 2012 nace Popolet un proyecto lleno de ilusi\u00f3n, en cada una de nuestros trabajos ponemos todo nuestro mimo."}]}},"_links":{"self":[{"href":"https:\/\/www.popolet.com\/blog\/wp-json\/wp\/v2\/posts\/3133","targetHints":{"allow":["GET"]}}],"collection":[{"href":"https:\/\/www.popolet.com\/blog\/wp-json\/wp\/v2\/posts"}],"about":[{"href":"https:\/\/www.popolet.com\/blog\/wp-json\/wp\/v2\/types\/post"}],"author":[{"embeddable":true,"href":"https:\/\/www.popolet.com\/blog\/wp-json\/wp\/v2\/users\/2"}],"replies":[{"embeddable":true,"href":"https:\/\/www.popolet.com\/blog\/wp-json\/wp\/v2\/comments?post=3133"}],"version-history":[{"count":3,"href":"https:\/\/www.popolet.com\/blog\/wp-json\/wp\/v2\/posts\/3133\/revisions"}],"predecessor-version":[{"id":4260,"href":"https:\/\/www.popolet.com\/blog\/wp-json\/wp\/v2\/posts\/3133\/revisions\/4260"}],"wp:featuredmedia":[{"embeddable":true,"href":"https:\/\/www.popolet.com\/blog\/wp-json\/wp\/v2\/media\/3139"}],"wp:attachment":[{"href":"https:\/\/www.popolet.com\/blog\/wp-json\/wp\/v2\/media?parent=3133"}],"wp:term":[{"taxonomy":"category","embeddable":true,"href":"https:\/\/www.popolet.com\/blog\/wp-json\/wp\/v2\/categories?post=3133"},{"taxonomy":"post_tag","embeddable":true,"href":"https:\/\/www.popolet.com\/blog\/wp-json\/wp\/v2\/tags?post=3133"}],"curies":[{"name":"wp","href":"https:\/\/api.w.org\/{rel}","templated":true}]}}